{"id":11271,"date":"2018-06-15T16:02:58","date_gmt":"2018-06-15T19:02:58","guid":{"rendered":"http:\/\/www.gramadoenfoco.com.br\/gramado\/?p=11271"},"modified":"2018-06-15T22:03:38","modified_gmt":"2018-06-16T01:03:38","slug":"caixa-federal-tem-correspondente-inaugurada-na-varzea-grande","status":"publish","type":"post","link":"http:\/\/www.gramadoenfoco.com.br\/gramado\/caixa-federal-tem-correspondente-inaugurada-na-varzea-grande\/","title":{"rendered":"CAIXA FEDERAL TEM CORRESPONDENTE  INAUGURADA NA V\u00c1RZEA GRANDE"},"content":{"rendered":"<figure id=\"attachment_11273\" aria-describedby=\"caption-attachment-11273\" style=\"width: 1024px\" class=\"wp-caption aligncenter\"><a href=\"http:\/\/www.gramadoenfoco.com.br\/gramado\/wp-content\/uploads\/2018\/06\/Victor-Zangalli-da-Silva-Danieli-Nicola-Bruno-Zangalli-da-Silva-e-Denis-Zangalli-Foto-Rafael-Cavalli.jpg\"><img fetchpriority=\"high\" decoding=\"async\" class=\"wp-image-11273 size-full\" src=\"http:\/\/www.gramadoenfoco.com.br\/gramado\/wp-content\/uploads\/2018\/06\/Victor-Zangalli-da-Silva-Danieli-Nicola-Bruno-Zangalli-da-Silva-e-Denis-Zangalli-Foto-Rafael-Cavalli.jpg\" alt=\"\" width=\"1024\" height=\"682\" srcset=\"http:\/\/www.gramadoenfoco.com.br\/gramado\/wp-content\/uploads\/2018\/06\/Victor-Zangalli-da-Silva-Danieli-Nicola-Bruno-Zangalli-da-Silva-e-Denis-Zangalli-Foto-Rafael-Cavalli.jpg 1024w, http:\/\/www.gramadoenfoco.com.br\/gramado\/wp-content\/uploads\/2018\/06\/Victor-Zangalli-da-Silva-Danieli-Nicola-Bruno-Zangalli-da-Silva-e-Denis-Zangalli-Foto-Rafael-Cavalli-300x200.jpg 300w, http:\/\/www.gramadoenfoco.com.br\/gramado\/wp-content\/uploads\/2018\/06\/Victor-Zangalli-da-Silva-Danieli-Nicola-Bruno-Zangalli-da-Silva-e-Denis-Zangalli-Foto-Rafael-Cavalli-768x512.jpg 768w, http:\/\/www.gramadoenfoco.com.br\/gramado\/wp-content\/uploads\/2018\/06\/Victor-Zangalli-da-Silva-Danieli-Nicola-Bruno-Zangalli-da-Silva-e-Denis-Zangalli-Foto-Rafael-Cavalli-310x205.jpg 310w\" sizes=\"(max-width: 1024px) 100vw, 1024px\" \/><\/a><figcaption id=\"caption-attachment-11273\" class=\"wp-caption-text\">Victor Zangalli da Silva, Danieli Nicola, Bruno Zangalli da Silva e Denis Zangalli\/Foto: Rafael Cavalli<\/figcaption><\/figure>\n<p style=\"text-align: justify;\">Foi inaugurada oficialmente, quinta-feira (14), a VG Cred, correspondente financeiro da\u00a0Caixa\u00a0no bairro V\u00e1rzea Grande. A nova unidade funciona na avenida 1\u00ba de maio, 1981 \u2013 junto ao Centro Comercial Vila Ol\u00edmpica, com todos os servi\u00e7os da institui\u00e7\u00e3o financeira, como abertura de contas, saques, dep\u00f3sitos, pagamentos, financiamentos e pagamento de benef\u00edcios, entre outros itens.<\/p>\n<blockquote>\n<p style=\"text-align: justify;\">Durante a cerim\u00f4nia de inaugura\u00e7\u00e3o \u2013 que contou com a presen\u00e7a de Danieli Nicola, Gerente Geral da ag\u00eancia de Gramado e Leonardo Bombassaro, Gerente de Canais Regional da\u00a0Caixa\u00a0na Serra &#8211; o empres\u00e1rio Mauro Alexandre da Silva falou em nome da fam\u00edlia dos empreendedores, relembrando os 11 anos em que trabalhou em uma empresa do bairro.\u00a0<em>\u201cA V\u00e1rzea Grande \u00e9 a alma de Gramado, e tenho certeza de que a VG Cred ser\u00e1 um sucesso<\/em>\u201d, afirmou Mauro.<\/p>\n<\/blockquote>\n<p style=\"text-align: justify;\">Presente \u00e0 cerim\u00f4nia, o vice-prefeito Evandro Moschem destacou que a implanta\u00e7\u00e3o de uma unidade de servi\u00e7os era um dos grandes pleitos do V\u00e1rzea Grande, lembrando que a institui\u00e7\u00e3o procurava um\u00a0 correspondente no bairro h\u00e1 cinco anos. Evandro chamou a aten\u00e7\u00e3o, por\u00e9m, para que o Poder P\u00fablico esteja mais atento \u00e0 seguran\u00e7a.\u00a0<em>\u201c\u00c9 muito triste que mesmo antes de inaugurar, a unidade da\u00a0Caixa\u00a0tenha sido assaltada\u201d,<\/em>\u00a0comentou o vice-prefeito.<\/p>\n<figure id=\"attachment_11272\" aria-describedby=\"caption-attachment-11272\" style=\"width: 1024px\" class=\"wp-caption aligncenter\"><a href=\"http:\/\/www.gramadoenfoco.com.br\/gramado\/wp-content\/uploads\/2018\/06\/VG-CRED-Foto-Adriano-Frauches.jpg\"><img decoding=\"async\" class=\"wp-image-11272 size-full\" src=\"http:\/\/www.gramadoenfoco.com.br\/gramado\/wp-content\/uploads\/2018\/06\/VG-CRED-Foto-Adriano-Frauches.jpg\" alt=\"\" width=\"1024\" height=\"626\" srcset=\"http:\/\/www.gramadoenfoco.com.br\/gramado\/wp-content\/uploads\/2018\/06\/VG-CRED-Foto-Adriano-Frauches.jpg 1024w, http:\/\/www.gramadoenfoco.com.br\/gramado\/wp-content\/uploads\/2018\/06\/VG-CRED-Foto-Adriano-Frauches-300x183.jpg 300w, http:\/\/www.gramadoenfoco.com.br\/gramado\/wp-content\/uploads\/2018\/06\/VG-CRED-Foto-Adriano-Frauches-768x470.jpg 768w\" sizes=\"(max-width: 1024px) 100vw, 1024px\" \/><\/a><figcaption id=\"caption-attachment-11272\" class=\"wp-caption-text\">VG CRED\/ Foto: Adriano Frauches<\/figcaption><\/figure>\n<p style=\"text-align: justify;\">A VG Cred tem como s\u00f3cios Bruno Zangalli da Silva, V\u00edtor Zangalli da Silva e D\u00eanis dos Passos Zangalli. O objetivo da empresa \u00e9 disponibilizar todos os servi\u00e7os da\u00a0Caixa\u00a0em hor\u00e1rio ampliado, Por isso, a VG Cred funciona das 8h \u00e0s 18h em dias de semana e das 9h \u00e0s 13h aos s\u00e1bados, facilitando a vinda dos trabalhadores. Outra vantagem \u00e9 o pagamento de contas da operadora Sky sem boleto, o que s\u00f3 pode ser feito em uma unidade da\u00a0Caixa.<\/p>\n<p style=\"text-align: right;\">Fonte:\u00a0<u>Insider 2 Comunica\u00e7\u00f5es<\/u><\/p>\n<p>&nbsp;<\/p>\n","protected":false},"excerpt":{"rendered":"<p>Foi inaugurada oficialmente, quinta-feira (14), a VG Cred, correspondente financeiro da\u00a0Caixa\u00a0no bairro V\u00e1rzea Grande. A nova unidade funciona na avenida 1\u00ba de maio, 1981 \u2013 junto ao Centro Comercial Vila Ol\u00edmpica, com todos os servi\u00e7os da institui\u00e7\u00e3o financeira, como abertura de contas, saques, dep\u00f3sitos, pagamentos, financiamentos e pagamento de benef\u00edcios, entre outros itens. Durante a [&hellip;]<\/p>\n","protected":false},"author":2,"featured_media":11272,"comment_status":"open","ping_status":"open","sticky":false,"template":"","format":"standard","meta":{"footnotes":""},"categories":[63,581,469,302],"tags":[1644,888,166,973],"class_list":["post-11271","post","type-post","status-publish","format-standard","has-post-thumbnail","hentry","category-destaque","category-geral","category-radar","category-ultimas-noticias","tag-caixa","tag-cef","tag-gramado","tag-varzea-grande"],"yoast_head":"<!-- This site is optimized with the Yoast SEO plugin v27.2 - https:\/\/yoast.com\/product\/yoast-seo-wordpress\/ -->\n<title>CAIXA FEDERAL TEM CORRESPONDENTE INAUGURADA NA V\u00c1RZEA GRANDE - Gramado Enfoco<\/title>\n<meta name=\"robots\" content=\"index, follow, max-snippet:-1, max-image-preview:large, max-video-preview:-1\" \/>\n<link rel=\"canonical\" href=\"https:\/\/www.gramadoenfoco.com.br\/gramado\/caixa-federal-tem-correspondente-inaugurada-na-varzea-grande\/\" \/>\n<meta property=\"og:locale\" content=\"pt_BR\" \/>\n<meta property=\"og:type\" content=\"article\" \/>\n<meta property=\"og:title\" content=\"CAIXA FEDERAL TEM CORRESPONDENTE INAUGURADA NA V\u00c1RZEA GRANDE - Gramado Enfoco\" \/>\n<meta property=\"og:description\" content=\"Foi inaugurada oficialmente, quinta-feira (14), a VG Cred, correspondente financeiro da\u00a0Caixa\u00a0no bairro V\u00e1rzea Grande. A nova unidade funciona na avenida 1\u00ba de maio, 1981 \u2013 junto ao Centro Comercial Vila Ol\u00edmpica, com todos os servi\u00e7os da institui\u00e7\u00e3o financeira, como abertura de contas, saques, dep\u00f3sitos, pagamentos, financiamentos e pagamento de benef\u00edcios, entre outros itens. Durante a [&hellip;]\" \/>\n<meta property=\"og:url\" content=\"https:\/\/www.gramadoenfoco.com.br\/gramado\/caixa-federal-tem-correspondente-inaugurada-na-varzea-grande\/\" \/>\n<meta property=\"og:site_name\" content=\"Gramado Enfoco\" \/>\n<meta property=\"article:publisher\" content=\"https:\/\/www.facebook.com\/JornalGramadoEnfoco?ref=embed_page\" \/>\n<meta property=\"article:published_time\" content=\"2018-06-15T19:02:58+00:00\" \/>\n<meta property=\"article:modified_time\" content=\"2018-06-16T01:03:38+00:00\" \/>\n<meta property=\"og:image\" content=\"https:\/\/www.gramadoenfoco.com.br\/gramado\/wp-content\/uploads\/2018\/06\/VG-CRED-Foto-Adriano-Frauches.jpg\" \/>\n\t<meta property=\"og:image:width\" content=\"1024\" \/>\n\t<meta property=\"og:image:height\" content=\"626\" \/>\n\t<meta property=\"og:image:type\" content=\"image\/jpeg\" \/>\n<meta name=\"author\" content=\"Reda\u00e7\u00e3o\" \/>\n<meta name=\"twitter:card\" content=\"summary_large_image\" \/>\n<meta name=\"twitter:creator\" content=\"@gramadoenfoco\" \/>\n<meta name=\"twitter:site\" content=\"@gramadoenfoco\" \/>\n<meta name=\"twitter:label1\" content=\"Escrito por\" \/>\n\t<meta name=\"twitter:data1\" content=\"Reda\u00e7\u00e3o\" \/>\n\t<meta name=\"twitter:label2\" content=\"Est. tempo de leitura\" \/>\n\t<meta name=\"twitter:data2\" content=\"2 minutos\" \/>\n<script type=\"application\/ld+json\" class=\"yoast-schema-graph\">{\"@context\":\"https:\/\/schema.org\",\"@graph\":[{\"@type\":\"Article\",\"@id\":\"https:\/\/www.gramadoenfoco.com.br\/gramado\/caixa-federal-tem-correspondente-inaugurada-na-varzea-grande\/#article\",\"isPartOf\":{\"@id\":\"https:\/\/www.gramadoenfoco.com.br\/gramado\/caixa-federal-tem-correspondente-inaugurada-na-varzea-grande\/\"},\"author\":{\"name\":\"Reda\u00e7\u00e3o\",\"@id\":\"http:\/\/www.gramadoenfoco.com.br\/gramado\/#\/schema\/person\/75667c1706419523963c5a7047de348e\"},\"headline\":\"CAIXA FEDERAL TEM CORRESPONDENTE INAUGURADA NA V\u00c1RZEA GRANDE\",\"datePublished\":\"2018-06-15T19:02:58+00:00\",\"dateModified\":\"2018-06-16T01:03:38+00:00\",\"mainEntityOfPage\":{\"@id\":\"https:\/\/www.gramadoenfoco.com.br\/gramado\/caixa-federal-tem-correspondente-inaugurada-na-varzea-grande\/\"},\"wordCount\":349,\"commentCount\":0,\"publisher\":{\"@id\":\"http:\/\/www.gramadoenfoco.com.br\/gramado\/#organization\"},\"image\":{\"@id\":\"https:\/\/www.gramadoenfoco.com.br\/gramado\/caixa-federal-tem-correspondente-inaugurada-na-varzea-grande\/#primaryimage\"},\"thumbnailUrl\":\"http:\/\/www.gramadoenfoco.com.br\/gramado\/wp-content\/uploads\/2018\/06\/VG-CRED-Foto-Adriano-Frauches.jpg\",\"keywords\":[\"Caixa\",\"CEF\",\"gramado\",\"Varzea Grande\"],\"articleSection\":[\"DESTAQUE\",\"Geral\",\"Radar\",\"\u00daLTIMAS NOTICIAS\"],\"inLanguage\":\"pt-BR\",\"potentialAction\":[{\"@type\":\"CommentAction\",\"name\":\"Comment\",\"target\":[\"https:\/\/www.gramadoenfoco.com.br\/gramado\/caixa-federal-tem-correspondente-inaugurada-na-varzea-grande\/#respond\"]}]},{\"@type\":\"WebPage\",\"@id\":\"https:\/\/www.gramadoenfoco.com.br\/gramado\/caixa-federal-tem-correspondente-inaugurada-na-varzea-grande\/\",\"url\":\"https:\/\/www.gramadoenfoco.com.br\/gramado\/caixa-federal-tem-correspondente-inaugurada-na-varzea-grande\/\",\"name\":\"CAIXA FEDERAL TEM CORRESPONDENTE INAUGURADA NA V\u00c1RZEA GRANDE - Gramado Enfoco\",\"isPartOf\":{\"@id\":\"http:\/\/www.gramadoenfoco.com.br\/gramado\/#website\"},\"primaryImageOfPage\":{\"@id\":\"https:\/\/www.gramadoenfoco.com.br\/gramado\/caixa-federal-tem-correspondente-inaugurada-na-varzea-grande\/#primaryimage\"},\"image\":{\"@id\":\"https:\/\/www.gramadoenfoco.com.br\/gramado\/caixa-federal-tem-correspondente-inaugurada-na-varzea-grande\/#primaryimage\"},\"thumbnailUrl\":\"http:\/\/www.gramadoenfoco.com.br\/gramado\/wp-content\/uploads\/2018\/06\/VG-CRED-Foto-Adriano-Frauches.jpg\",\"datePublished\":\"2018-06-15T19:02:58+00:00\",\"dateModified\":\"2018-06-16T01:03:38+00:00\",\"breadcrumb\":{\"@id\":\"https:\/\/www.gramadoenfoco.com.br\/gramado\/caixa-federal-tem-correspondente-inaugurada-na-varzea-grande\/#breadcrumb\"},\"inLanguage\":\"pt-BR\",\"potentialAction\":[{\"@type\":\"ReadAction\",\"target\":[\"https:\/\/www.gramadoenfoco.com.br\/gramado\/caixa-federal-tem-correspondente-inaugurada-na-varzea-grande\/\"]}]},{\"@type\":\"ImageObject\",\"inLanguage\":\"pt-BR\",\"@id\":\"https:\/\/www.gramadoenfoco.com.br\/gramado\/caixa-federal-tem-correspondente-inaugurada-na-varzea-grande\/#primaryimage\",\"url\":\"http:\/\/www.gramadoenfoco.com.br\/gramado\/wp-content\/uploads\/2018\/06\/VG-CRED-Foto-Adriano-Frauches.jpg\",\"contentUrl\":\"http:\/\/www.gramadoenfoco.com.br\/gramado\/wp-content\/uploads\/2018\/06\/VG-CRED-Foto-Adriano-Frauches.jpg\",\"width\":1024,\"height\":626},{\"@type\":\"BreadcrumbList\",\"@id\":\"https:\/\/www.gramadoenfoco.com.br\/gramado\/caixa-federal-tem-correspondente-inaugurada-na-varzea-grande\/#breadcrumb\",\"itemListElement\":[{\"@type\":\"ListItem\",\"position\":1,\"name\":\"In\u00edcio\",\"item\":\"http:\/\/www.gramadoenfoco.com.br\/gramado\/\"},{\"@type\":\"ListItem\",\"position\":2,\"name\":\"CAIXA FEDERAL TEM CORRESPONDENTE INAUGURADA NA V\u00c1RZEA GRANDE\"}]},{\"@type\":\"WebSite\",\"@id\":\"http:\/\/www.gramadoenfoco.com.br\/gramado\/#website\",\"url\":\"http:\/\/www.gramadoenfoco.com.br\/gramado\/\",\"name\":\"Gramado Enfoco\",\"description\":\"Sejam bem-vindos ao nosso portal!\",\"publisher\":{\"@id\":\"http:\/\/www.gramadoenfoco.com.br\/gramado\/#organization\"},\"potentialAction\":[{\"@type\":\"SearchAction\",\"target\":{\"@type\":\"EntryPoint\",\"urlTemplate\":\"http:\/\/www.gramadoenfoco.com.br\/gramado\/?s={search_term_string}\"},\"query-input\":{\"@type\":\"PropertyValueSpecification\",\"valueRequired\":true,\"valueName\":\"search_term_string\"}}],\"inLanguage\":\"pt-BR\"},{\"@type\":\"Organization\",\"@id\":\"http:\/\/www.gramadoenfoco.com.br\/gramado\/#organization\",\"name\":\"Gramado Enfoco\",\"url\":\"http:\/\/www.gramadoenfoco.com.br\/gramado\/\",\"logo\":{\"@type\":\"ImageObject\",\"inLanguage\":\"pt-BR\",\"@id\":\"http:\/\/www.gramadoenfoco.com.br\/gramado\/#\/schema\/logo\/image\/\",\"url\":\"http:\/\/www.gramadoenfoco.com.br\/gramado\/wp-content\/uploads\/2019\/02\/cropped-cropped-cropped-logo.png\",\"contentUrl\":\"http:\/\/www.gramadoenfoco.com.br\/gramado\/wp-content\/uploads\/2019\/02\/cropped-cropped-cropped-logo.png\",\"width\":535,\"height\":119,\"caption\":\"Gramado Enfoco\"},\"image\":{\"@id\":\"http:\/\/www.gramadoenfoco.com.br\/gramado\/#\/schema\/logo\/image\/\"},\"sameAs\":[\"https:\/\/www.facebook.com\/JornalGramadoEnfoco?ref=embed_page\",\"https:\/\/x.com\/gramadoenfoco\",\"https:\/\/www.instagram.com\/gramadocanelaenfoco\/\"]},{\"@type\":\"Person\",\"@id\":\"http:\/\/www.gramadoenfoco.com.br\/gramado\/#\/schema\/person\/75667c1706419523963c5a7047de348e\",\"name\":\"Reda\u00e7\u00e3o\",\"image\":{\"@type\":\"ImageObject\",\"inLanguage\":\"pt-BR\",\"@id\":\"https:\/\/secure.gravatar.com\/avatar\/03ce9bc5e92519747898b7affa2e5d5c279ba560ddbd115e8fe5cf9759067884?s=96&d=mm&r=g\",\"url\":\"https:\/\/secure.gravatar.com\/avatar\/03ce9bc5e92519747898b7affa2e5d5c279ba560ddbd115e8fe5cf9759067884?s=96&d=mm&r=g\",\"contentUrl\":\"https:\/\/secure.gravatar.com\/avatar\/03ce9bc5e92519747898b7affa2e5d5c279ba560ddbd115e8fe5cf9759067884?s=96&d=mm&r=g\",\"caption\":\"Reda\u00e7\u00e3o\"},\"url\":\"http:\/\/www.gramadoenfoco.com.br\/gramado\/author\/redacao\/\"}]}<\/script>\n<!-- \/ Yoast SEO plugin. -->","yoast_head_json":{"title":"CAIXA FEDERAL TEM CORRESPONDENTE INAUGURADA NA V\u00c1RZEA GRANDE - Gramado Enfoco","robots":{"index":"index","follow":"follow","max-snippet":"max-snippet:-1","max-image-preview":"max-image-preview:large","max-video-preview":"max-video-preview:-1"},"canonical":"https:\/\/www.gramadoenfoco.com.br\/gramado\/caixa-federal-tem-correspondente-inaugurada-na-varzea-grande\/","og_locale":"pt_BR","og_type":"article","og_title":"CAIXA FEDERAL TEM CORRESPONDENTE INAUGURADA NA V\u00c1RZEA GRANDE - Gramado Enfoco","og_description":"Foi inaugurada oficialmente, quinta-feira (14), a VG Cred, correspondente financeiro da\u00a0Caixa\u00a0no bairro V\u00e1rzea Grande. A nova unidade funciona na avenida 1\u00ba de maio, 1981 \u2013 junto ao Centro Comercial Vila Ol\u00edmpica, com todos os servi\u00e7os da institui\u00e7\u00e3o financeira, como abertura de contas, saques, dep\u00f3sitos, pagamentos, financiamentos e pagamento de benef\u00edcios, entre outros itens. Durante a [&hellip;]","og_url":"https:\/\/www.gramadoenfoco.com.br\/gramado\/caixa-federal-tem-correspondente-inaugurada-na-varzea-grande\/","og_site_name":"Gramado Enfoco","article_publisher":"https:\/\/www.facebook.com\/JornalGramadoEnfoco?ref=embed_page","article_published_time":"2018-06-15T19:02:58+00:00","article_modified_time":"2018-06-16T01:03:38+00:00","og_image":[{"width":1024,"height":626,"url":"https:\/\/www.gramadoenfoco.com.br\/gramado\/wp-content\/uploads\/2018\/06\/VG-CRED-Foto-Adriano-Frauches.jpg","type":"image\/jpeg"}],"author":"Reda\u00e7\u00e3o","twitter_card":"summary_large_image","twitter_creator":"@gramadoenfoco","twitter_site":"@gramadoenfoco","twitter_misc":{"Escrito por":"Reda\u00e7\u00e3o","Est. tempo de leitura":"2 minutos"},"schema":{"@context":"https:\/\/schema.org","@graph":[{"@type":"Article","@id":"https:\/\/www.gramadoenfoco.com.br\/gramado\/caixa-federal-tem-correspondente-inaugurada-na-varzea-grande\/#article","isPartOf":{"@id":"https:\/\/www.gramadoenfoco.com.br\/gramado\/caixa-federal-tem-correspondente-inaugurada-na-varzea-grande\/"},"author":{"name":"Reda\u00e7\u00e3o","@id":"http:\/\/www.gramadoenfoco.com.br\/gramado\/#\/schema\/person\/75667c1706419523963c5a7047de348e"},"headline":"CAIXA FEDERAL TEM CORRESPONDENTE INAUGURADA NA V\u00c1RZEA GRANDE","datePublished":"2018-06-15T19:02:58+00:00","dateModified":"2018-06-16T01:03:38+00:00","mainEntityOfPage":{"@id":"https:\/\/www.gramadoenfoco.com.br\/gramado\/caixa-federal-tem-correspondente-inaugurada-na-varzea-grande\/"},"wordCount":349,"commentCount":0,"publisher":{"@id":"http:\/\/www.gramadoenfoco.com.br\/gramado\/#organization"},"image":{"@id":"https:\/\/www.gramadoenfoco.com.br\/gramado\/caixa-federal-tem-correspondente-inaugurada-na-varzea-grande\/#primaryimage"},"thumbnailUrl":"http:\/\/www.gramadoenfoco.com.br\/gramado\/wp-content\/uploads\/2018\/06\/VG-CRED-Foto-Adriano-Frauches.jpg","keywords":["Caixa","CEF","gramado","Varzea Grande"],"articleSection":["DESTAQUE","Geral","Radar","\u00daLTIMAS NOTICIAS"],"inLanguage":"pt-BR","potentialAction":[{"@type":"CommentAction","name":"Comment","target":["https:\/\/www.gramadoenfoco.com.br\/gramado\/caixa-federal-tem-correspondente-inaugurada-na-varzea-grande\/#respond"]}]},{"@type":"WebPage","@id":"https:\/\/www.gramadoenfoco.com.br\/gramado\/caixa-federal-tem-correspondente-inaugurada-na-varzea-grande\/","url":"https:\/\/www.gramadoenfoco.com.br\/gramado\/caixa-federal-tem-correspondente-inaugurada-na-varzea-grande\/","name":"CAIXA FEDERAL TEM CORRESPONDENTE INAUGURADA NA V\u00c1RZEA GRANDE - Gramado Enfoco","isPartOf":{"@id":"http:\/\/www.gramadoenfoco.com.br\/gramado\/#website"},"primaryImageOfPage":{"@id":"https:\/\/www.gramadoenfoco.com.br\/gramado\/caixa-federal-tem-correspondente-inaugurada-na-varzea-grande\/#primaryimage"},"image":{"@id":"https:\/\/www.gramadoenfoco.com.br\/gramado\/caixa-federal-tem-correspondente-inaugurada-na-varzea-grande\/#primaryimage"},"thumbnailUrl":"http:\/\/www.gramadoenfoco.com.br\/gramado\/wp-content\/uploads\/2018\/06\/VG-CRED-Foto-Adriano-Frauches.jpg","datePublished":"2018-06-15T19:02:58+00:00","dateModified":"2018-06-16T01:03:38+00:00","breadcrumb":{"@id":"https:\/\/www.gramadoenfoco.com.br\/gramado\/caixa-federal-tem-correspondente-inaugurada-na-varzea-grande\/#breadcrumb"},"inLanguage":"pt-BR","potentialAction":[{"@type":"ReadAction","target":["https:\/\/www.gramadoenfoco.com.br\/gramado\/caixa-federal-tem-correspondente-inaugurada-na-varzea-grande\/"]}]},{"@type":"ImageObject","inLanguage":"pt-BR","@id":"https:\/\/www.gramadoenfoco.com.br\/gramado\/caixa-federal-tem-correspondente-inaugurada-na-varzea-grande\/#primaryimage","url":"http:\/\/www.gramadoenfoco.com.br\/gramado\/wp-content\/uploads\/2018\/06\/VG-CRED-Foto-Adriano-Frauches.jpg","contentUrl":"http:\/\/www.gramadoenfoco.com.br\/gramado\/wp-content\/uploads\/2018\/06\/VG-CRED-Foto-Adriano-Frauches.jpg","width":1024,"height":626},{"@type":"BreadcrumbList","@id":"https:\/\/www.gramadoenfoco.com.br\/gramado\/caixa-federal-tem-correspondente-inaugurada-na-varzea-grande\/#breadcrumb","itemListElement":[{"@type":"ListItem","position":1,"name":"In\u00edcio","item":"http:\/\/www.gramadoenfoco.com.br\/gramado\/"},{"@type":"ListItem","position":2,"name":"CAIXA FEDERAL TEM CORRESPONDENTE INAUGURADA NA V\u00c1RZEA GRANDE"}]},{"@type":"WebSite","@id":"http:\/\/www.gramadoenfoco.com.br\/gramado\/#website","url":"http:\/\/www.gramadoenfoco.com.br\/gramado\/","name":"Gramado Enfoco","description":"Sejam bem-vindos ao nosso portal!","publisher":{"@id":"http:\/\/www.gramadoenfoco.com.br\/gramado\/#organization"},"potentialAction":[{"@type":"SearchAction","target":{"@type":"EntryPoint","urlTemplate":"http:\/\/www.gramadoenfoco.com.br\/gramado\/?s={search_term_string}"},"query-input":{"@type":"PropertyValueSpecification","valueRequired":true,"valueName":"search_term_string"}}],"inLanguage":"pt-BR"},{"@type":"Organization","@id":"http:\/\/www.gramadoenfoco.com.br\/gramado\/#organization","name":"Gramado Enfoco","url":"http:\/\/www.gramadoenfoco.com.br\/gramado\/","logo":{"@type":"ImageObject","inLanguage":"pt-BR","@id":"http:\/\/www.gramadoenfoco.com.br\/gramado\/#\/schema\/logo\/image\/","url":"http:\/\/www.gramadoenfoco.com.br\/gramado\/wp-content\/uploads\/2019\/02\/cropped-cropped-cropped-logo.png","contentUrl":"http:\/\/www.gramadoenfoco.com.br\/gramado\/wp-content\/uploads\/2019\/02\/cropped-cropped-cropped-logo.png","width":535,"height":119,"caption":"Gramado Enfoco"},"image":{"@id":"http:\/\/www.gramadoenfoco.com.br\/gramado\/#\/schema\/logo\/image\/"},"sameAs":["https:\/\/www.facebook.com\/JornalGramadoEnfoco?ref=embed_page","https:\/\/x.com\/gramadoenfoco","https:\/\/www.instagram.com\/gramadocanelaenfoco\/"]},{"@type":"Person","@id":"http:\/\/www.gramadoenfoco.com.br\/gramado\/#\/schema\/person\/75667c1706419523963c5a7047de348e","name":"Reda\u00e7\u00e3o","image":{"@type":"ImageObject","inLanguage":"pt-BR","@id":"https:\/\/secure.gravatar.com\/avatar\/03ce9bc5e92519747898b7affa2e5d5c279ba560ddbd115e8fe5cf9759067884?s=96&d=mm&r=g","url":"https:\/\/secure.gravatar.com\/avatar\/03ce9bc5e92519747898b7affa2e5d5c279ba560ddbd115e8fe5cf9759067884?s=96&d=mm&r=g","contentUrl":"https:\/\/secure.gravatar.com\/avatar\/03ce9bc5e92519747898b7affa2e5d5c279ba560ddbd115e8fe5cf9759067884?s=96&d=mm&r=g","caption":"Reda\u00e7\u00e3o"},"url":"http:\/\/www.gramadoenfoco.com.br\/gramado\/author\/redacao\/"}]}},"wpmagazine_modules_lite_featured_media_urls":{"thumbnail":["http:\/\/www.gramadoenfoco.com.br\/gramado\/wp-content\/uploads\/2018\/06\/VG-CRED-Foto-Adriano-Frauches-150x150.jpg",150,150,true],"cvmm-medium":["http:\/\/www.gramadoenfoco.com.br\/gramado\/wp-content\/uploads\/2018\/06\/VG-CRED-Foto-Adriano-Frauches.jpg",300,183,false],"cvmm-medium-plus":["http:\/\/www.gramadoenfoco.com.br\/gramado\/wp-content\/uploads\/2018\/06\/VG-CRED-Foto-Adriano-Frauches.jpg",305,186,false],"cvmm-portrait":["http:\/\/www.gramadoenfoco.com.br\/gramado\/wp-content\/uploads\/2018\/06\/VG-CRED-Foto-Adriano-Frauches.jpg",400,245,false],"cvmm-medium-square":["http:\/\/www.gramadoenfoco.com.br\/gramado\/wp-content\/uploads\/2018\/06\/VG-CRED-Foto-Adriano-Frauches.jpg",600,367,false],"cvmm-large":["http:\/\/www.gramadoenfoco.com.br\/gramado\/wp-content\/uploads\/2018\/06\/VG-CRED-Foto-Adriano-Frauches.jpg",1024,626,false],"cvmm-small":["http:\/\/www.gramadoenfoco.com.br\/gramado\/wp-content\/uploads\/2018\/06\/VG-CRED-Foto-Adriano-Frauches.jpg",130,79,false],"full":["http:\/\/www.gramadoenfoco.com.br\/gramado\/wp-content\/uploads\/2018\/06\/VG-CRED-Foto-Adriano-Frauches.jpg",1024,626,false]},"categories_names":{"63":{"name":"DESTAQUE","link":"http:\/\/www.gramadoenfoco.com.br\/gramado\/category\/destaque\/"},"581":{"name":"Geral","link":"http:\/\/www.gramadoenfoco.com.br\/gramado\/category\/radar\/geral\/"},"469":{"name":"Radar","link":"http:\/\/www.gramadoenfoco.com.br\/gramado\/category\/radar\/"},"302":{"name":"\u00daLTIMAS NOTICIAS","link":"http:\/\/www.gramadoenfoco.com.br\/gramado\/category\/ultimas-noticias\/"}},"tags_names":{"1644":{"name":"Caixa","link":"http:\/\/www.gramadoenfoco.com.br\/gramado\/tag\/caixa\/"},"888":{"name":"CEF","link":"http:\/\/www.gramadoenfoco.com.br\/gramado\/tag\/cef\/"},"166":{"name":"gramado","link":"http:\/\/www.gramadoenfoco.com.br\/gramado\/tag\/gramado\/"},"973":{"name":"Varzea Grande","link":"http:\/\/www.gramadoenfoco.com.br\/gramado\/tag\/varzea-grande\/"}},"comments_number":"0","_links":{"self":[{"href":"http:\/\/www.gramadoenfoco.com.br\/gramado\/wp-json\/wp\/v2\/posts\/11271","targetHints":{"allow":["GET"]}}],"collection":[{"href":"http:\/\/www.gramadoenfoco.com.br\/gramado\/wp-json\/wp\/v2\/posts"}],"about":[{"href":"http:\/\/www.gramadoenfoco.com.br\/gramado\/wp-json\/wp\/v2\/types\/post"}],"author":[{"embeddable":true,"href":"http:\/\/www.gramadoenfoco.com.br\/gramado\/wp-json\/wp\/v2\/users\/2"}],"replies":[{"embeddable":true,"href":"http:\/\/www.gramadoenfoco.com.br\/gramado\/wp-json\/wp\/v2\/comments?post=11271"}],"version-history":[{"count":0,"href":"http:\/\/www.gramadoenfoco.com.br\/gramado\/wp-json\/wp\/v2\/posts\/11271\/revisions"}],"wp:featuredmedia":[{"embeddable":true,"href":"http:\/\/www.gramadoenfoco.com.br\/gramado\/wp-json\/wp\/v2\/media\/11272"}],"wp:attachment":[{"href":"http:\/\/www.gramadoenfoco.com.br\/gramado\/wp-json\/wp\/v2\/media?parent=11271"}],"wp:term":[{"taxonomy":"category","embeddable":true,"href":"http:\/\/www.gramadoenfoco.com.br\/gramado\/wp-json\/wp\/v2\/categories?post=11271"},{"taxonomy":"post_tag","embeddable":true,"href":"http:\/\/www.gramadoenfoco.com.br\/gramado\/wp-json\/wp\/v2\/tags?post=11271"}],"curies":[{"name":"wp","href":"https:\/\/api.w.org\/{rel}","templated":true}]}}